{"id":924,"date":"2024-07-11T13:52:20","date_gmt":"2024-07-11T13:52:20","guid":{"rendered":"https:\/\/lidetalemariam.no\/n\/?p=924"},"modified":"2024-07-11T13:56:01","modified_gmt":"2024-07-11T13:56:01","slug":"oppstandelse-av-var-herre-jesus-kristus-2-2-2-2-2-2-2","status":"publish","type":"post","link":"https:\/\/lidetalemariam.no\/n\/oppstandelse-av-var-herre-jesus-kristus-2-2-2-2-2-2-2\/","title":{"rendered":"De hellige apostler Peter og Paulus"},"content":{"rendered":"<p>Hvert \u00e5r i den etiopisk-ortodokse tewahedo-kirke feires 12. juli (\u1210\u121d\u120c 5 \u1240\u1295) p\u00e5 den ene siden som dagen for avslutning av fastetiden, som begynner etter 2. pinsedag og som er oppnevnt etter apostlene, og p\u00e5 den andre siden minnestund for de hellige Peter og Paulus som kjempet den gode kristne kampen og ledd martyrd\u00f8den.\u00a0Selv om disse to apostler d\u00f8de til forskjellig tid, feires minnedagen for de to apostler p\u00e5 samme dag.<\/p>\n<p>De to Hellige hadde sv\u00e6rt ulik bakgrunn og ulik personlighet, men begge ble kalt av Jesus til \u00e5 tjene ham og hans rike. Den hellige Petter ble kalt da de jobbet med fisking med hans bror i Galileasj\u00f8en. Matt 4: 18-20. Den hellige Paulos sin derimot, er mirakul\u00f8s. Hele historien finner du i Apostlenes gjerninger 9: 1-20.<\/p>\n<p>Fremdeles den dag i dag tjener de kirken gjennom skriftene de forfattet ved den Hellige \u00c5nds inspirasjon. Peter skrev de to brevene som inneholder 8 avsnitt mens Paulus skrev tretten av brevene i det nye testamente.<\/p>\n<p>M\u00e5tte de helliges velsignelser alltid v\u00e6re med oss, amen!<\/p>\n<p>&nbsp;<\/p>\n<p>&nbsp;<\/p>\n","protected":false},"excerpt":{"rendered":"<p>Hvert \u00e5r i den etiopisk-ortodokse tewahedo-kirke feires 12. juli (\u1210\u121d\u120c 5 \u1240\u1295) p\u00e5 den ene siden som dagen for avslutning av fastetiden, som begynner etter 2. pinsedag og som er oppnevnt etter apostlene, og p\u00e5 den andre siden minnestund for de hellige Peter og Paulus som kjempet den gode kristne kampen og ledd martyrd\u00f8den.\u00a0Selv om disse to apostler d\u00f8de til forskjellig tid, feires minnedagen for de to apostler p\u00e5 samme dag.<\/p>\n","protected":false},"author":4,"featured_media":928,"comment_status":"closed","ping_status":"open","sticky":false,"template":"","format":"standard","meta":{"footnotes":""},"categories":[3],"tags":[],"class_list":["post-924","post","type-post","status-publish","format-standard","has-post-thumbnail","hentry","category-nyheter"],"_links":{"self":[{"href":"https:\/\/lidetalemariam.no\/n\/wp-json\/wp\/v2\/posts\/924","targetHints":{"allow":["GET"]}}],"collection":[{"href":"https:\/\/lidetalemariam.no\/n\/wp-json\/wp\/v2\/posts"}],"about":[{"href":"https:\/\/lidetalemariam.no\/n\/wp-json\/wp\/v2\/types\/post"}],"author":[{"embeddable":true,"href":"https:\/\/lidetalemariam.no\/n\/wp-json\/wp\/v2\/users\/4"}],"replies":[{"embeddable":true,"href":"https:\/\/lidetalemariam.no\/n\/wp-json\/wp\/v2\/comments?post=924"}],"version-history":[{"count":1,"href":"https:\/\/lidetalemariam.no\/n\/wp-json\/wp\/v2\/posts\/924\/revisions"}],"predecessor-version":[{"id":926,"href":"https:\/\/lidetalemariam.no\/n\/wp-json\/wp\/v2\/posts\/924\/revisions\/926"}],"wp:featuredmedia":[{"embeddable":true,"href":"https:\/\/lidetalemariam.no\/n\/wp-json\/wp\/v2\/media\/928"}],"wp:attachment":[{"href":"https:\/\/lidetalemariam.no\/n\/wp-json\/wp\/v2\/media?parent=924"}],"wp:term":[{"taxonomy":"category","embeddable":true,"href":"https:\/\/lidetalemariam.no\/n\/wp-json\/wp\/v2\/categories?post=924"},{"taxonomy":"post_tag","embeddable":true,"href":"https:\/\/lidetalemariam.no\/n\/wp-json\/wp\/v2\/tags?post=924"}],"curies":[{"name":"wp","href":"https:\/\/api.w.org\/{rel}","templated":true}]}}