{"id":1005,"date":"2025-01-05T23:12:59","date_gmt":"2025-01-05T23:12:59","guid":{"rendered":"https:\/\/lidetalemariam.no\/n\/?p=1005"},"modified":"2025-01-05T23:12:59","modified_gmt":"2025-01-05T23:12:59","slug":"generalforsamling-av-den-etiopisk-ortodokse-tewahedo-kirke-sverige-skandinavia-og-hellas-bispedommet-2-2-2-2-2","status":"publish","type":"post","link":"https:\/\/lidetalemariam.no\/n\/generalforsamling-av-den-etiopisk-ortodokse-tewahedo-kirke-sverige-skandinavia-og-hellas-bispedommet-2-2-2-2-2\/","title":{"rendered":"\u00c5rets feiring av V\u00e5r Herre Jesu Kristi sin f\u00f8dsel!"},"content":{"rendered":"<p>Hele verdens Forl\u00f8ser ble f\u00f8dt i dag! \u1264\u12db \u12a9\u1209 \u12a0\u1208\u121d \u12ee\u121d \u1270\u12c8\u120d\u12f0! \u12e8\u12d3\u1208\u121d \u1201\u1209 \u1264\u12db \u12db\u122c \u1270\u12c8\u1208\u12f0!<\/p>\n<p>\u00abFrykt ikke! Se, jeg forkynner dere en stor glede, en glede for hele folket: I dag er det f\u00f8dt dere en frelser i Davids by; han er Den salvede, Herren.\u00bb Luk 2:10-12<\/p>\n<p>I den Etiopisk ortodokse Tewahedo kirke feirer vi f\u00f8dselen av V\u00e5r Herre Jesu Kristi, den 07. januar etter den gamle Julien kalender.<\/p>\n<p>Vi feierer \u00e5rets h\u00f8ytid med preken, kirkelige sanger, Gudstjeneste og andre forskjellige seremonier fra mandag kveld den 06. januar kl. 20:00 og ut over natten.<\/p>\n<p>Menighetsr\u00e5det inviterer alle troende til \u00e5 v\u00e6re med!<\/p>\n<div class='avia-iframe-wrap'><iframe loading=\"lazy\" title=\"Se her han er blitt f\u00f8dt | \u12ed\u12b8\u12cd \u1270\u12c8\u1208\u12f0| Oversatt Ortodoks Tewahdo Hymn ||\" width=\"1500\" height=\"844\" src=\"https:\/\/www.youtube.com\/embed\/3aKNIPutHww?feature=oembed\" frameborder=\"0\" allow=\"accelerometer; autoplay; clipboard-write; encrypted-media; gyroscope; picture-in-picture; web-share\" referrerpolicy=\"strict-origin-when-cross-origin\" allowfullscreen><\/iframe><\/div>\n","protected":false},"excerpt":{"rendered":"<p>Hele verdens Forl\u00f8ser ble f\u00f8dt i dag! \u1264\u12db \u12a9\u1209 \u12a0\u1208\u121d \u12ee\u121d \u1270\u12c8\u120d\u12f0! \u12e8\u12d3\u1208\u121d \u1201\u1209 \u1264\u12db \u12db\u122c \u1270\u12c8\u1208\u12f0!<br \/>\nVi feierer \u00e5rets h\u00f8ytid med preken, kirkelige sanger, Gudstjeneste og andre forskjellige seremonier fra mandag kveld den 06. januar kl. 20:00 og ut over natten.<br \/>\nMenighetsr\u00e5det inviterer alle troende til \u00e5 v\u00e6re med!<\/p>\n","protected":false},"author":4,"featured_media":579,"comment_status":"closed","ping_status":"open","sticky":false,"template":"","format":"standard","meta":{"footnotes":""},"categories":[3],"tags":[],"class_list":["post-1005","post","type-post","status-publish","format-standard","has-post-thumbnail","hentry","category-nyheter"],"_links":{"self":[{"href":"https:\/\/lidetalemariam.no\/n\/wp-json\/wp\/v2\/posts\/1005","targetHints":{"allow":["GET"]}}],"collection":[{"href":"https:\/\/lidetalemariam.no\/n\/wp-json\/wp\/v2\/posts"}],"about":[{"href":"https:\/\/lidetalemariam.no\/n\/wp-json\/wp\/v2\/types\/post"}],"author":[{"embeddable":true,"href":"https:\/\/lidetalemariam.no\/n\/wp-json\/wp\/v2\/users\/4"}],"replies":[{"embeddable":true,"href":"https:\/\/lidetalemariam.no\/n\/wp-json\/wp\/v2\/comments?post=1005"}],"version-history":[{"count":2,"href":"https:\/\/lidetalemariam.no\/n\/wp-json\/wp\/v2\/posts\/1005\/revisions"}],"predecessor-version":[{"id":1007,"href":"https:\/\/lidetalemariam.no\/n\/wp-json\/wp\/v2\/posts\/1005\/revisions\/1007"}],"wp:featuredmedia":[{"embeddable":true,"href":"https:\/\/lidetalemariam.no\/n\/wp-json\/wp\/v2\/media\/579"}],"wp:attachment":[{"href":"https:\/\/lidetalemariam.no\/n\/wp-json\/wp\/v2\/media?parent=1005"}],"wp:term":[{"taxonomy":"category","embeddable":true,"href":"https:\/\/lidetalemariam.no\/n\/wp-json\/wp\/v2\/categories?post=1005"},{"taxonomy":"post_tag","embeddable":true,"href":"https:\/\/lidetalemariam.no\/n\/wp-json\/wp\/v2\/tags?post=1005"}],"curies":[{"name":"wp","href":"https:\/\/api.w.org\/{rel}","templated":true}]}}